{"id":1042,"date":"2018-08-01T07:09:12","date_gmt":"2018-08-01T07:09:12","guid":{"rendered":"https:\/\/nicolasteste.com\/?p=1042"},"modified":"2018-10-07T04:35:32","modified_gmt":"2018-10-07T04:35:32","slug":"les-huguenots-at-opera-bastille","status":"publish","type":"post","link":"https:\/\/nicolasteste.com\/fr\/2018\/08\/01\/les-huguenots-at-opera-bastille\/","title":{"rendered":"Les Huguenots at Op\u00e9ra Bastille"},"content":{"rendered":"<p>Nicolas Test\u00e9 retourne \u00e0 l&rsquo;Op\u00e9ra Bastille pour chanter dans <em>Les Huguenots<\/em>\u00a0de Meyerbeer. Le reste de la distribution comprend d&rsquo;autres chanteurs de renomm\u00e9e internationale, avec Lisette Oropesa dans le r\u00f4le de Marguerite de Valois, Yosep Kang dans le r\u00f4le de Raoul de Nangis, Ermonela Jaho dans le r\u00f4le de Valentine et Karine Deshayes dans le r\u00f4le d&rsquo;Urbain. Les repr\u00e9sentations se d\u00e9roulent du <a href=\"https:\/\/www.operadeparis.fr\/en\/season-18-19\/opera\/les-huguenots\" target=\"_blank\" rel=\"noopener\">28 septembre au 24 octobre<\/a> et Michele Mariotti dirige l&rsquo;Orchestre de l&rsquo;Op\u00e9ra national de Paris.<\/p>\n<p>Pour plus d&rsquo;informations et de billets, visitez le site de <a href=\"https:\/\/www.operadeparis.fr\/en\/season-18-19\/opera\/les-huguenots\" target=\"_blank\" rel=\"noopener\">l&rsquo;Op\u00e9ra Bastille<\/a>.<\/p>\n<div class=\"video-wrapper\"><iframe loading=\"lazy\" title=\"Les Huguenots (Saison 18\/19)- Ermonela Jaho et  Nicolas Test\u00e9, Acte 3 by Op\u00e9ra national de Paris\" width=\"500\" height=\"400\" scrolling=\"no\" frameborder=\"no\" src=\"https:\/\/w.soundcloud.com\/player\/?visual=true&#038;url=https%3A%2F%2Fapi.soundcloud.com%2Ftracks%2F505549728&#038;show_artwork=true&#038;maxheight=750&#038;maxwidth=500\"><\/iframe><\/div>\n<p><\/p>","protected":false},"excerpt":{"rendered":"<p>Nicolas Test\u00e9 retourne \u00e0 l&rsquo;Op\u00e9ra Bastille pour chanter dans Les Huguenots\u00a0de Meyerbeer. Le reste de la distribution comprend d&rsquo;autres chanteurs de renomm\u00e9e internationale, avec Lisette Oropesa dans le r\u00f4le de Marguerite de Valois, Yosep Kang dans le r\u00f4le de Raoul de Nangis, Ermonela Jaho dans le r\u00f4le de Valentine et Karine Deshayes dans le r\u00f4le [&hellip;]<\/p>\n","protected":false},"author":2,"featured_media":0,"comment_status":"open","ping_status":"open","sticky":false,"template":"","format":"standard","meta":{"footnotes":""},"categories":[5,1],"tags":[],"class_list":["post-1042","post","type-post","status-publish","format-standard","hentry","category-news","category-news-press"],"acf":[],"_links":{"self":[{"href":"https:\/\/nicolasteste.com\/fr\/wp-json\/wp\/v2\/posts\/1042","targetHints":{"allow":["GET"]}}],"collection":[{"href":"https:\/\/nicolasteste.com\/fr\/wp-json\/wp\/v2\/posts"}],"about":[{"href":"https:\/\/nicolasteste.com\/fr\/wp-json\/wp\/v2\/types\/post"}],"author":[{"embeddable":true,"href":"https:\/\/nicolasteste.com\/fr\/wp-json\/wp\/v2\/users\/2"}],"replies":[{"embeddable":true,"href":"https:\/\/nicolasteste.com\/fr\/wp-json\/wp\/v2\/comments?post=1042"}],"version-history":[{"count":0,"href":"https:\/\/nicolasteste.com\/fr\/wp-json\/wp\/v2\/posts\/1042\/revisions"}],"wp:attachment":[{"href":"https:\/\/nicolasteste.com\/fr\/wp-json\/wp\/v2\/media?parent=1042"}],"wp:term":[{"taxonomy":"category","embeddable":true,"href":"https:\/\/nicolasteste.com\/fr\/wp-json\/wp\/v2\/categories?post=1042"},{"taxonomy":"post_tag","embeddable":true,"href":"https:\/\/nicolasteste.com\/fr\/wp-json\/wp\/v2\/tags?post=1042"}],"curies":[{"name":"wp","href":"https:\/\/api.w.org\/{rel}","templated":true}]}}